{"id":2148,"date":"2023-12-07T11:17:00","date_gmt":"2023-12-07T09:17:00","guid":{"rendered":"https:\/\/benz-books.com\/blog\/?p=2148"},"modified":"2024-03-21T01:12:53","modified_gmt":"2024-03-20T23:12:53","slug":"mercedes-190sl","status":"publish","type":"post","link":"https:\/\/benz-books.com\/blog\/2148\/mercedes-190sl\/","title":{"rendered":"Mercedes 190SL: das Auto, das den SL-Namen rettete"},"content":{"rendered":"\n<p>Der Mercedes 190SL hatte keinen leichten Start ins Leben. Er war zwar nicht das schwarze Schaf der Familie, aber er war auch nicht der wei\u00dfe Schwan. Er war der kleine Bruder eines Superstars, der zu einem begabten Sch\u00f6nheitschirurgen geschickt worden war, um ihm ein \u00e4hnliches Aussehen zu verleihen. Diese Sch\u00f6nheit war jedoch nur oberfl\u00e4chlich, denn darunter steckte nicht das Talent eines Vollbl\u00fcters, sondern die Gene eines zuverl\u00e4ssigen, hart arbeitenden Ackergauls.<\/p>\n\n\n<div class=\"wp-block-image\">\n<figure class=\"aligncenter size-full\"><img loading=\"lazy\" decoding=\"async\" width=\"750\" height=\"442\" src=\"https:\/\/benz-books.com\/blog\/wp-content\/uploads\/Mercedes-190SL-red.jpg\" alt=\"Mercedes 190SL\" class=\"wp-image-2150\" srcset=\"https:\/\/benz-books.com\/blog\/wp-content\/uploads\/Mercedes-190SL-red.jpg 750w, https:\/\/benz-books.com\/blog\/wp-content\/uploads\/Mercedes-190SL-red-600x354.jpg 600w, https:\/\/benz-books.com\/blog\/wp-content\/uploads\/Mercedes-190SL-red-300x177.jpg 300w\" sizes=\"auto, (max-width: 750px) 100vw, 750px\" \/><\/figure><\/div>\n\n\n<p><\/p>\n\n\n\n<p><a href=\"https:\/\/de.wikipedia.org\/wiki\/Max_Hoffman\" target=\"_blank\" rel=\"noreferrer noopener\">Max Hoffman<\/a>, US-Importeur f\u00fcr Daimler-Benz und andere Marken in den 1950er Jahren, war, wie wir alle wissen, der Kopf hinter dem <a href=\"https:\/\/de.wikipedia.org\/wiki\/Mercedes-Benz_W_198\" target=\"_blank\" rel=\"noreferrer noopener\">300SL.<\/a> Er kannte seine amerikanische Kundschaft und bat den Daimler-Benz-Vorstand nicht nur um das Superauto, sondern auch um eine \u00e4hnlich aussehende Sch\u00f6nheit f\u00fcr Leute, die das Aussehen, aber nicht unbedingt das Preisschild wollten. <\/p>\n\n\n\n<p>Daimler-Benz, das keine nennenswerte Pr\u00e4senz in den USA hatte, h\u00f6rte sich an, was Herr Hoffman zu sagen hatte. Aber Hoffman war mit der Antwort nicht zufrieden. Bei einem Treffen zwischen Hoffman und Daimler-Benz-F\u00fchrungskr\u00e4ften in Stuttgart am 2. September 1953 wurde vorgeschlagen, die Plattform der <a href=\"https:\/\/de.wikipedia.org\/wiki\/Mercedes-Benz_W_120\" target=\"_blank\" rel=\"noreferrer noopener\">180<\/a>er Limousine zu verwenden.<\/p>\n\n\n\n<h2 class=\"wp-block-heading\"><strong>Die falsche Option<\/strong><\/h2>\n\n\n\n<p>Als Nallinger, techn. Direktor und Mitglied im MB Vorstand, Hoffman das Konzept eines preisg\u00fcnstigeren Cabriolets auf der Basis der 180er Limousine vorstellte, antwortete Hoffman in seiner etwas schroffen Art: &#8220;Das wird nichts&#8221;. Nat\u00fcrlich h\u00e4tte er Recht gehabt, wenn das Projekt weitergef\u00fchrt worden w\u00e4re. Es musste etwas Attraktiveres her.<\/p>\n\n\n<div class=\"wp-block-image\">\n<figure class=\"aligncenter size-full\"><img loading=\"lazy\" decoding=\"async\" width=\"550\" height=\"326\" src=\"https:\/\/benz-books.com\/blog\/wp-content\/uploads\/Mercedes-180-Cabrio-A-prototype.jpg\" alt=\"\" class=\"wp-image-2153\" srcset=\"https:\/\/benz-books.com\/blog\/wp-content\/uploads\/Mercedes-180-Cabrio-A-prototype.jpg 550w, https:\/\/benz-books.com\/blog\/wp-content\/uploads\/Mercedes-180-Cabrio-A-prototype-300x178.jpg 300w\" sizes=\"auto, (max-width: 550px) 100vw, 550px\" \/><\/figure><\/div>\n\n\n<p class=\"has-text-align-center\"><em>Der Vorschlag, von dem Hoffman nichts hielt<\/em><\/p>\n\n\n\n<p>Kurz nach diesem Treffen, am 25. September 1953, zeigte der Stylist Walter H\u00e4cker seinem Chef, Designchef Karl Wilfert, die ersten Entw\u00fcrfe des sp\u00e4teren 190SL-Prototyps.<\/p>\n\n\n\n<p>Alle, auch Hoffman, waren begeistert, denn der Wagen wies gro\u00dfe \u00c4hnlichkeit mit dem 300SL auf. Er trug allerdings auch Designelemente der 180\/190er Limousine in den hinteren Kotfl\u00fcgeln. Nachdem er von seinen Vorgesetzten gr\u00fcnes Licht bekommen hatte, vollbrachte H\u00e4cker etwas Unglaubliches: In nur drei Tagen gelang es ihm, die endg\u00fcltigen Entw\u00fcrfe f\u00fcr den Bau des Wagens fertigzustellen.<\/p>\n\n\n<div class=\"wp-block-image\">\n<figure class=\"aligncenter size-full\"><img loading=\"lazy\" decoding=\"async\" width=\"550\" height=\"240\" src=\"https:\/\/benz-books.com\/blog\/wp-content\/uploads\/Mercedes-190-SL-design-drawing-1953.jpg\" alt=\"Mercedes 190SL\" class=\"wp-image-2154\" srcset=\"https:\/\/benz-books.com\/blog\/wp-content\/uploads\/Mercedes-190-SL-design-drawing-1953.jpg 550w, https:\/\/benz-books.com\/blog\/wp-content\/uploads\/Mercedes-190-SL-design-drawing-1953-300x131.jpg 300w\" sizes=\"auto, (max-width: 550px) 100vw, 550px\" \/><\/figure><\/div>\n\n\n<p><\/p>\n\n\n\n<p>Obwohl das Konzept des Wagens im Wesentlichen auf das Dr\u00e4ngen von Max Hoffman zur\u00fcckgeht, hat er nicht komplett seinen Willen bekommen. Aus Kostengr\u00fcnden musste eine Reihe von Bauteilen wie das Fahrgestell und die Vorderradaufh\u00e4ngung mit Hilfsrahmen mit der 180er Limousine geteilt werden. Dieser Hilfsrahmen war mit Gummibuchsen vom Fahrgestell isoliert und bot eine nahezu vibrationsfreie Fahrt. Eine Eigenschaft, die man bei einem zweisitzigen offenen Tourenwagen zu dieser Zeit noch nicht kannte.<\/p>\n\n\n\n<h2 class=\"wp-block-heading\">Der Mercedes 190SL erh\u00e4lt <strong>Ein attraktives neues Design<\/strong><\/h2>\n\n\n\n<p>Obwohl die 180 Limousine und der 190SL \u00e4hnliche Gene hatten, gab es einige wichtige Unterschiede. Das Fahrgestell des 180 war um 254 mm verk\u00fcrzt worden, und die Hinterachse stammte nicht vom vorherigen 170S, sondern vom leistungsst\u00e4rkeren <a href=\"https:\/\/suchen.mobile.de\/auto\/mercedes-benz-220-ponton-220s.html\" target=\"_blank\" rel=\"noreferrer noopener\">220a<\/a>. Das bedeutete, dass er bereits \u00fcber die verbesserte Eingelenk-Pendelachse verf\u00fcgte. Gl\u00fccklicherweise kam man nie auf die Idee, den in die Jahre gekommenen Seitenventilmotor des <a href=\"https:\/\/de.wikipedia.org\/wiki\/Mercedes-Benz_170_S\" target=\"_blank\" rel=\"noreferrer noopener\">170S<\/a>\/180 zu verbessern.<\/p>\n\n\n<div class=\"wp-block-image\">\n<figure class=\"aligncenter size-full\"><img loading=\"lazy\" decoding=\"async\" width=\"550\" height=\"361\" src=\"https:\/\/benz-books.com\/blog\/wp-content\/uploads\/Mercedes-190SL-1958.jpg\" alt=\"\" class=\"wp-image-2155\" srcset=\"https:\/\/benz-books.com\/blog\/wp-content\/uploads\/Mercedes-190SL-1958.jpg 550w, https:\/\/benz-books.com\/blog\/wp-content\/uploads\/Mercedes-190SL-1958-300x197.jpg 300w\" sizes=\"auto, (max-width: 550px) 100vw, 550px\" \/><\/figure><\/div>\n\n\n<p><\/p>\n\n\n\n<p>Stattdessen handelte es sich um einen recht fortschrittlichen Vierzylinder-Reihenmotor, der urspr\u00fcnglich in seiner Grundform f\u00fcr den <a href=\"https:\/\/benz-books.com\/blog\/572\/a-mercedes-180d-called-bakkie\/\" target=\"_blank\" rel=\"noreferrer noopener\">180<\/a> entwickelt worden war. Dieser Motor basierte lose auf dem M186 aus der gr\u00f6\u00dferen 300er-Limousine. Er verf\u00fcgte \u00fcber eine kettengetriebene, obenliegende Nockenwelle und zwei Solex 44PHH-Regler-Vergaser im Fallstromverfahren. <\/p>\n\n\n\n<p>Das Vergasersystem wurde \u00fcbrigens von einem 27-j\u00e4hrigen jungen Ingenieur entwickelt. Er wurde sp\u00e4ter als der Vater des M100-Motors f\u00fcr den majest\u00e4tischen Mercedes <a href=\"https:\/\/de.wikipedia.org\/wiki\/Mercedes-Benz_W_100\" target=\"_blank\" rel=\"noreferrer noopener\">600<\/a> bekannt. Sein Name war Dr. Kurt Obl\u00e4nder. Er testete auch den Prototyp des 190SL auf seine Stra\u00dfenlage. Der neue Motor hie\u00df M121 B II, hatte 1.897 ccm (116 cu in) und leistete 105 PS. Die Mercedes-Ingenieure gaben ihm wegen seines spezifischen Ger\u00e4uschs bei niedrigen Drehzahlen den Spitznamen &#8220;Rasselk\u00f6nig&#8221;.<\/p>\n\n\n\n<h2 class=\"wp-block-heading\"><strong>Zwei Prototypen des Mercedes 190SL wurden gebaut<\/strong><\/h2>\n\n\n\n<p>Trotz einiger Vorbehalte aus anderen Daimler-Benz-Abteilungen und sogar von Dr. Nallinger selbst erreichte er eine respektable H\u00f6chstgeschwindigkeit von 172 km\/h und konnte den Roadster in 14,4 Sekunden aus dem Stand auf 100 km\/h beschleunigen. Sp\u00e4ter waren sich die 190SL-Fans jedoch einig, dass der Wagen von 30 bis 50 PS mehr profitiert h\u00e4tte.<\/p>\n\n\n<div class=\"wp-block-image\">\n<figure class=\"aligncenter size-full\"><img loading=\"lazy\" decoding=\"async\" width=\"550\" height=\"330\" src=\"https:\/\/benz-books.com\/blog\/wp-content\/uploads\/Mercedes-190SL-Prototype-2.jpg\" alt=\"Mercedes 190SL Prototype \" class=\"wp-image-2156\" srcset=\"https:\/\/benz-books.com\/blog\/wp-content\/uploads\/Mercedes-190SL-Prototype-2.jpg 550w, https:\/\/benz-books.com\/blog\/wp-content\/uploads\/Mercedes-190SL-Prototype-2-300x180.jpg 300w\" sizes=\"auto, (max-width: 550px) 100vw, 550px\" \/><\/figure><\/div>\n\n\n<p class=\"has-text-align-center\"><em>Kurt Obl\u00e4nder mit dem 2. Prototyp auf Testfahrt. Der erste wurde nach New York geschickt<\/em><\/p>\n\n\n\n<p>Der Radstand betrug 2.400 mm und war damit identisch mit dem des 300SL. Die Gesamtl\u00e4nge des Wagens betrug 4.220 mm und war damit etwa 300 mm k\u00fcrzer als bei seinem gr\u00f6\u00dferen Bruder. Der Benzinverbrauch war mit einem Durchschnitt von 9 Litern pro 100 km recht moderat. Auch der 65-Liter-Tank erwies sich als ausreichend. Obwohl nie offiziell beworben, konnte der Wagen mit vier verschiedenen Getriebe\u00fcbersetzungen bestellt werden: 3,70:1, 3,89:1, 3,90:1 und 4,10:1. Das 3,90:1 war das g\u00e4ngigste, da es die beste Balance zwischen Beschleunigung und H\u00f6chstgeschwindigkeit bot.<\/p>\n\n\n<div class=\"wp-block-image\">\n<figure class=\"aligncenter size-full\"><img loading=\"lazy\" decoding=\"async\" width=\"550\" height=\"375\" src=\"https:\/\/benz-books.com\/blog\/wp-content\/uploads\/Mercedes-190SL-Prototype-1.jpg\" alt=\"\" class=\"wp-image-2157\" srcset=\"https:\/\/benz-books.com\/blog\/wp-content\/uploads\/Mercedes-190SL-Prototype-1.jpg 550w, https:\/\/benz-books.com\/blog\/wp-content\/uploads\/Mercedes-190SL-Prototype-1-300x205.jpg 300w\" sizes=\"auto, (max-width: 550px) 100vw, 550px\" \/><\/figure><\/div>\n\n\n<p class=\"has-text-align-center\"><em>Prototyp #1 wird neben dem 300SL ausgestellt<\/em><\/p>\n\n\n\n<p>Wie Hoffman versprochen, wurde einer von zwei Prototypen des Wagens zusammen mit dem 300SL zur New York Auto Show im Februar 1954 geschickt. Er lief jedoch nicht, und seine Solex-Vergaser waren aus Holz gefertigt. Der zweite Prototyp lief und wurde zu Hause f\u00fcr Tests verwendet. Die f\u00fcr den New Yorker Auftritt ver\u00f6ffentlichten Leistungsdaten erwiesen sich als eher optimistisch. Die Besucher der Ausstellung wussten das nat\u00fcrlich nicht. Publikum und Presse bewunderten den 190SL und sahen in ihm einen eleganten, kleineren Sportwagen als Bruder des \u00fcberirdischen 300SL.<\/p>\n\n\n\n<h2 class=\"wp-block-heading\"><strong>Der 190SL wird in Genf vorgestellt<\/strong><\/h2>\n\n\n\n<p>Mehr als ein Jahr nach seiner Vorstellung in New York wurde der Mercedes 190SL schlie\u00dflich auf dem Genfer Automobilsalon im M\u00e4rz 1955 pr\u00e4sentiert. Sein Grundpreis in Deutschland betrug DM16.500,-. In den USA lag der Einstiegspreis bei knapp 4000 Dollar und war damit teurer als der wesentlich schnellere Jaguar <a href=\"https:\/\/de.wikipedia.org\/wiki\/Jaguar_XK_140\" target=\"_blank\" rel=\"noreferrer noopener\">XK140<\/a>. In Erinnerung an die Silberpfeil-Rennwagen war der 190SL in seinem ersten Jahr nur in Silbermetallic erh\u00e4ltlich.<\/p>\n\n\n<div class=\"wp-block-image\">\n<figure class=\"aligncenter size-full\"><img loading=\"lazy\" decoding=\"async\" width=\"550\" height=\"372\" src=\"https:\/\/benz-books.com\/blog\/wp-content\/uploads\/Mercedes-190SL-1956.jpg\" alt=\"Mercedes 190SL\" class=\"wp-image-2158\" srcset=\"https:\/\/benz-books.com\/blog\/wp-content\/uploads\/Mercedes-190SL-1956.jpg 550w, https:\/\/benz-books.com\/blog\/wp-content\/uploads\/Mercedes-190SL-1956-300x203.jpg 300w\" sizes=\"auto, (max-width: 550px) 100vw, 550px\" \/><\/figure><\/div>\n\n\n<p><\/p>\n\n\n\n<p>Der Benzinverbrauch war mit durchschnittlich knapp 9 Litern pro 100 km recht moderat. Auch der 65 Liter  fassende Kraftstofftank erwies sich als v\u00f6llig ausreichend. Der Wagen war, gerade wenn offen gefahren, immer als kommodes, zuverl\u00e4ssiges Fahrzeug bekannt.<\/p>\n\n\n\n<p><\/p>\n\n\n\n<p><\/p>\n\n\n<div class=\"wp-block-image\">\n<figure class=\"aligncenter size-full\"><img loading=\"lazy\" decoding=\"async\" width=\"550\" height=\"396\" src=\"https:\/\/benz-books.com\/blog\/wp-content\/uploads\/Mercedes-190SL-yellow.jpg\" alt=\"\" class=\"wp-image-2160\" srcset=\"https:\/\/benz-books.com\/blog\/wp-content\/uploads\/Mercedes-190SL-yellow.jpg 550w, https:\/\/benz-books.com\/blog\/wp-content\/uploads\/Mercedes-190SL-yellow-300x216.jpg 300w\" sizes=\"auto, (max-width: 550px) 100vw, 550px\" \/><\/figure><\/div>\n\n\n<p><\/p>\n\n\n<div class=\"wp-block-image\">\n<figure class=\"aligncenter size-full\"><img loading=\"lazy\" decoding=\"async\" width=\"550\" height=\"366\" src=\"https:\/\/benz-books.com\/blog\/wp-content\/uploads\/Mercedes-190SL-Perlmuttgrun-interior.jpg\" alt=\"Mercedes 190SL\" class=\"wp-image-2159\" srcset=\"https:\/\/benz-books.com\/blog\/wp-content\/uploads\/Mercedes-190SL-Perlmuttgrun-interior.jpg 550w, https:\/\/benz-books.com\/blog\/wp-content\/uploads\/Mercedes-190SL-Perlmuttgrun-interior-300x200.jpg 300w\" sizes=\"auto, (max-width: 550px) 100vw, 550px\" \/><\/figure><\/div>\n\n\n<p><\/p>\n\n\n\n<p>Im Laufe seiner Karriere hatte der Wagen kleinere Verbesserungen erfahren, hier mal eine kleine Auswahl:<\/p>\n\n\n\n<ul class=\"wp-block-list\">\n<li>1955\n<ul class=\"wp-block-list\">\n<li>ATE T50 Bremskraftverst\u00e4rker als Option<\/li>\n\n\n\n<li>Nieten am Verdeck werden durch Klettverschl\u00fcsse ersetzt<\/li>\n<\/ul>\n<\/li>\n\n\n\n<li>1956\n<ul class=\"wp-block-list\">\n<li>Aschenbecher bekommt drehbarem Boden<\/li>\n\n\n\n<li>Dreipunkt-Motoraufh\u00e4ngung wird durch eine Vierpunkt-Aufh\u00e4ngung ersetzt<\/li>\n\n\n\n<li>Dach des Coup\u00e9s wird von Aluminium auf Stahl umgestellt<\/li>\n\n\n\n<li>Uhr auf dem Handschuhfachdeckel Standard<\/li>\n\n\n\n<li>Schalensitze im Roadster werden gegen die Klappsitze des Coup\u00e9s ausgetauscht<\/li>\n<\/ul>\n<\/li>\n\n\n\n<li>1957\n<ul class=\"wp-block-list\">\n<li>Beleuchtungen f\u00fcr die Nummernschilder befinden sich jetzt in den Sto\u00dfstangenabdeckungen<\/li>\n<\/ul>\n<\/li>\n\n\n\n<li>1958\n<ul class=\"wp-block-list\">\n<li>Plexiglas-Sonnenblenden werden durch Kartonage-Sonnenblenden mit Lederbezug ersetzt<\/li>\n\n\n\n<li>Z\u00fcndschalter mit Lenkradschloss wird zur Serienausstattung<\/li>\n<\/ul>\n<\/li>\n\n\n\n<li>1959\n<ul class=\"wp-block-list\">\n<li>Coup\u00e9-Hardtop erh\u00e4lt eine vergr\u00f6\u00dferte, umlaufende Heckscheibe<\/li>\n\n\n\n<li>Roadster-Stoffverdeck erh\u00e4lt ein vergr\u00f6\u00dfertes R\u00fcckspiegelfenster<\/li>\n<\/ul>\n<\/li>\n<\/ul>\n\n\n<div class=\"wp-block-image\">\n<figure class=\"aligncenter size-full\"><img loading=\"lazy\" decoding=\"async\" width=\"550\" height=\"303\" src=\"https:\/\/benz-books.com\/blog\/wp-content\/uploads\/Mercedes-190SL-old-top.jpg\" alt=\"\" class=\"wp-image-2162\" srcset=\"https:\/\/benz-books.com\/blog\/wp-content\/uploads\/Mercedes-190SL-old-top.jpg 550w, https:\/\/benz-books.com\/blog\/wp-content\/uploads\/Mercedes-190SL-old-top-300x165.jpg 300w\" sizes=\"auto, (max-width: 550px) 100vw, 550px\" \/><\/figure><\/div>\n\n\n<p class=\"has-text-align-center\"><em>Altes Dach vs. neues Dach (unten)<\/em><\/p>\n\n\n<div class=\"wp-block-image\">\n<figure class=\"aligncenter size-full\"><img loading=\"lazy\" decoding=\"async\" width=\"550\" height=\"354\" src=\"https:\/\/benz-books.com\/blog\/wp-content\/uploads\/Mercedes-190SL-new-top.jpg\" alt=\"Mercedes 190SL\" class=\"wp-image-2161\" srcset=\"https:\/\/benz-books.com\/blog\/wp-content\/uploads\/Mercedes-190SL-new-top.jpg 550w, https:\/\/benz-books.com\/blog\/wp-content\/uploads\/Mercedes-190SL-new-top-300x193.jpg 300w\" sizes=\"auto, (max-width: 550px) 100vw, 550px\" \/><\/figure><\/div>\n\n\n<h2 class=\"wp-block-heading\"><strong>Der 190SL rettete den SL-Namen<\/strong><\/h2>\n\n\n\n<p>Der Mercedes <a href=\"https:\/\/suchen.mobile.de\/auto\/mercedes-benz-190-oldtimer-190sl.html\" target=\"_blank\" rel=\"noreferrer noopener\">190SL <\/a>wurde immer mit dem st\u00e4rkeren 300SL verglichen, aber das war nie n\u00f6tig. Er hatte nicht die Muskeln dieses Vollbl\u00fcters, aber seine Qualit\u00e4t und Raffinesse waren fast gleichwertig. F\u00fcr einige Journalisten war seine Stra\u00dfenlage sogar besser (im Vergleich zum Fl\u00fcgelt\u00fcrer, nicht zum 300SL Roadster). Wie bereits erw\u00e4hnt, herrschte allgemeiner Konsens dar\u00fcber, dass der Wagen einen st\u00e4rkeren Motor gebrauchen k\u00f6nnte, um dem &#8220;S&#8221; f\u00fcr Sport im Namen des SL gerecht zu werden. Aber die Ressourcen in Stuttgart waren begrenzt, um dieses Projekt zu realisieren. Der gr\u00f6\u00dfere Motor musste auf ein Nachfolgemodell warten.<\/p>\n\n\n<div class=\"wp-block-image\">\n<figure class=\"aligncenter size-full\"><img loading=\"lazy\" decoding=\"async\" width=\"550\" height=\"374\" src=\"https:\/\/benz-books.com\/blog\/wp-content\/uploads\/Mercedes-190SL-1962.jpg\" alt=\"Mercedes 190SL\" class=\"wp-image-2165\" srcset=\"https:\/\/benz-books.com\/blog\/wp-content\/uploads\/Mercedes-190SL-1962.jpg 550w, https:\/\/benz-books.com\/blog\/wp-content\/uploads\/Mercedes-190SL-1962-300x204.jpg 300w\" sizes=\"auto, (max-width: 550px) 100vw, 550px\" \/><\/figure><\/div>\n\n\n<p><\/p>\n\n\n<div class=\"wp-block-image\">\n<figure class=\"aligncenter size-full\"><img loading=\"lazy\" decoding=\"async\" width=\"550\" height=\"374\" src=\"https:\/\/benz-books.com\/blog\/wp-content\/uploads\/Mercedes-190SL-1957.jpg\" alt=\"\" class=\"wp-image-2163\" srcset=\"https:\/\/benz-books.com\/blog\/wp-content\/uploads\/Mercedes-190SL-1957.jpg 550w, https:\/\/benz-books.com\/blog\/wp-content\/uploads\/Mercedes-190SL-1957-300x204.jpg 300w\" sizes=\"auto, (max-width: 550px) 100vw, 550px\" \/><\/figure><\/div>\n\n\n<p><\/p>\n\n\n\n<p>W\u00e4re der SL nur auf den 300SL begrenzt gewesen, h\u00e4tte es vermutlich keinen weiteren SL gegeben. Der Absatz des 300SL war relativ bescheiden, und man kann davon ausgehen, dass Daimler-Benz mit jedem produzierten Wagen nicht unbedingt viel Geld verdient hat. Der Mercedes 190SL verkaufte sich dagegen 25.881 Mal und bereits 1958 wurde beschlossen, einen neuen SL zu entwickeln. Letztendlich war der &#8220;kleinere&#8221; SL aus wirtschaftlicher Sicht \u00fcberzeugender, und sind wir nicht alle froh, dass wir heute die M\u00f6glichkeit haben, ein solches Auto zu genie\u00dfen?<\/p>\n\n\n<div class=\"wp-block-image\">\n<figure class=\"aligncenter size-full\"><img loading=\"lazy\" decoding=\"async\" width=\"750\" height=\"559\" src=\"https:\/\/benz-books.com\/blog\/wp-content\/uploads\/Mercedes-190SL-1960.jpg\" alt=\"\" class=\"wp-image-2164\" srcset=\"https:\/\/benz-books.com\/blog\/wp-content\/uploads\/Mercedes-190SL-1960.jpg 750w, https:\/\/benz-books.com\/blog\/wp-content\/uploads\/Mercedes-190SL-1960-600x447.jpg 600w, https:\/\/benz-books.com\/blog\/wp-content\/uploads\/Mercedes-190SL-1960-300x224.jpg 300w\" sizes=\"auto, (max-width: 750px) 100vw, 750px\" \/><\/figure><\/div>\n\n\n<p><\/p>\n\n\n\n<p><em>Wenn Sie mehr \u00fcber den 190SL, seine Entwicklung und Geschichte sowie die Versuche von Daimler-Benz, ihm einen gr\u00f6\u00dferen 2,2-Liter-Motor zu verpassen, lesen m\u00f6chten, k\u00f6nnen Sie <strong><a href=\"https:\/\/www.amazon.de\/MERCEDES-BENZ-190SL-W121-BII-1955\/dp\/B0CPM8MZ44\/?_encoding=UTF8&amp;pd_rd_w=XN7Xl&amp;content-id=amzn1.sym.34ed1063-0ca6-4a75-80ae-96545fe261c4%3Aamzn1.symc.acc592a4-4352-4855-9385-357337847763&amp;pf_rd_p=34ed1063-0ca6-4a75-80ae-96545fe261c4&amp;pf_rd_r=JQ2G00ZWQAZGRB7FCZHR&amp;pd_rd_wg=dmVqz&amp;pd_rd_r=719a67fa-9deb-41ef-a667-1c973a7851df&amp;ref_=pd_gw_ci_mcx_mr_hp_d\" target=\"_blank\" rel=\"noreferrer noopener\">hier<\/a><\/strong> das Buch kaufen. Dar\u00fcber hinaus gibt es neben vielen neuen Farbfotos eine ausf\u00fchrliche Kaufberatung und die Fahrgestellnummer und Datenkarte wird erkl\u00e4rt. Ich bin \u00fcberzeugt, dass Ihnen das Buch gefallen wird.<\/em><\/p>\n","protected":false},"excerpt":{"rendered":"<p>Der Mercedes 190SL hatte keinen leichten Start ins Leben. Er war zwar nicht das schwarze Schaf der Familie, aber er&#8230;<\/p>\n","protected":false},"author":1,"featured_media":2150,"comment_status":"open","ping_status":"open","sticky":false,"template":"","format":"standard","meta":{"_kad_post_transparent":"","_kad_post_title":"","_kad_post_layout":"","_kad_post_sidebar_id":"","_kad_post_content_style":"","_kad_post_vertical_padding":"","_kad_post_feature":"","_kad_post_feature_position":"","_kad_post_header":false,"_kad_post_footer":true,"footnotes":""},"categories":[7],"tags":[84,79],"class_list":["post-2148","post","type-post","status-publish","format-standard","has-post-thumbnail","hentry","category-mercedes-sl","tag-der-mercedes-sl","tag-mercedes-der-1950er"],"yoast_head":"<!-- This site is optimized with the Yoast SEO plugin v27.5 - https:\/\/yoast.com\/product\/yoast-seo-wordpress\/ -->\n<title>Mercedes 190SL: das Auto, das den SL-Namen rettete<\/title>\n<meta name=\"description\" content=\"Der Mercedes 190SL war der kleinere Bruder eines Supersportlers. Sein Verkaufserfolg sorgte f\u00fcr die Fortsetzung des SL Programms\" \/>\n<meta name=\"robots\" content=\"index, follow, max-snippet:-1, max-image-preview:large, max-video-preview:-1\" \/>\n<link rel=\"canonical\" href=\"https:\/\/benz-books.com\/blog\/2148\/mercedes-190sl\/\" \/>\n<meta name=\"twitter:label1\" content=\"Written by\" \/>\n\t<meta name=\"twitter:data1\" content=\"Bernd\" \/>\n\t<meta name=\"twitter:label2\" content=\"Est. reading time\" \/>\n\t<meta name=\"twitter:data2\" content=\"9 minutes\" \/>\n<script type=\"application\/ld+json\" class=\"yoast-schema-graph\">{\"@context\":\"https:\\\/\\\/schema.org\",\"@graph\":[{\"@type\":\"Article\",\"@id\":\"https:\\\/\\\/benz-books.com\\\/blog\\\/2148\\\/mercedes-190sl\\\/#article\",\"isPartOf\":{\"@id\":\"https:\\\/\\\/benz-books.com\\\/blog\\\/2148\\\/mercedes-190sl\\\/\"},\"author\":{\"name\":\"Bernd\",\"@id\":\"https:\\\/\\\/benz-books.com\\\/blog\\\/#\\\/schema\\\/person\\\/db2ccaf8e56aa817712f8483f7ad7f57\"},\"headline\":\"Mercedes 190SL: das Auto, das den SL-Namen rettete\",\"datePublished\":\"2023-12-07T09:17:00+00:00\",\"dateModified\":\"2024-03-20T23:12:53+00:00\",\"mainEntityOfPage\":{\"@id\":\"https:\\\/\\\/benz-books.com\\\/blog\\\/2148\\\/mercedes-190sl\\\/\"},\"wordCount\":1350,\"commentCount\":1,\"publisher\":{\"@id\":\"https:\\\/\\\/benz-books.com\\\/blog\\\/#\\\/schema\\\/person\\\/db2ccaf8e56aa817712f8483f7ad7f57\"},\"image\":{\"@id\":\"https:\\\/\\\/benz-books.com\\\/blog\\\/2148\\\/mercedes-190sl\\\/#primaryimage\"},\"thumbnailUrl\":\"https:\\\/\\\/benz-books.com\\\/blog\\\/wp-content\\\/uploads\\\/Mercedes-190SL-red.jpg\",\"keywords\":[\"Der Mercedes SL\",\"Mercedes der 1950er\"],\"articleSection\":[\"Mercedes SL-Class\"],\"inLanguage\":\"en-US\"},{\"@type\":\"WebPage\",\"@id\":\"https:\\\/\\\/benz-books.com\\\/blog\\\/2148\\\/mercedes-190sl\\\/\",\"url\":\"https:\\\/\\\/benz-books.com\\\/blog\\\/2148\\\/mercedes-190sl\\\/\",\"name\":\"Mercedes 190SL: das Auto, das den SL-Namen rettete\",\"isPartOf\":{\"@id\":\"https:\\\/\\\/benz-books.com\\\/blog\\\/#website\"},\"primaryImageOfPage\":{\"@id\":\"https:\\\/\\\/benz-books.com\\\/blog\\\/2148\\\/mercedes-190sl\\\/#primaryimage\"},\"image\":{\"@id\":\"https:\\\/\\\/benz-books.com\\\/blog\\\/2148\\\/mercedes-190sl\\\/#primaryimage\"},\"thumbnailUrl\":\"https:\\\/\\\/benz-books.com\\\/blog\\\/wp-content\\\/uploads\\\/Mercedes-190SL-red.jpg\",\"datePublished\":\"2023-12-07T09:17:00+00:00\",\"dateModified\":\"2024-03-20T23:12:53+00:00\",\"description\":\"Der Mercedes 190SL war der kleinere Bruder eines Supersportlers. Sein Verkaufserfolg sorgte f\u00fcr die Fortsetzung des SL Programms\",\"inLanguage\":\"en-US\",\"potentialAction\":[{\"@type\":\"ReadAction\",\"target\":[\"https:\\\/\\\/benz-books.com\\\/blog\\\/2148\\\/mercedes-190sl\\\/\"]}]},{\"@type\":\"ImageObject\",\"inLanguage\":\"en-US\",\"@id\":\"https:\\\/\\\/benz-books.com\\\/blog\\\/2148\\\/mercedes-190sl\\\/#primaryimage\",\"url\":\"https:\\\/\\\/benz-books.com\\\/blog\\\/wp-content\\\/uploads\\\/Mercedes-190SL-red.jpg\",\"contentUrl\":\"https:\\\/\\\/benz-books.com\\\/blog\\\/wp-content\\\/uploads\\\/Mercedes-190SL-red.jpg\",\"width\":750,\"height\":442,\"caption\":\"Mercedes 190SL\"},{\"@type\":\"WebSite\",\"@id\":\"https:\\\/\\\/benz-books.com\\\/blog\\\/#website\",\"url\":\"https:\\\/\\\/benz-books.com\\\/blog\\\/\",\"name\":\"Benz-Books\",\"description\":\"Stories, news and pictures of Mercedes-Benz vehicles from the 1950s to the present\",\"publisher\":{\"@id\":\"https:\\\/\\\/benz-books.com\\\/blog\\\/#\\\/schema\\\/person\\\/db2ccaf8e56aa817712f8483f7ad7f57\"},\"potentialAction\":[{\"@type\":\"SearchAction\",\"target\":{\"@type\":\"EntryPoint\",\"urlTemplate\":\"https:\\\/\\\/benz-books.com\\\/blog\\\/?s={search_term_string}\"},\"query-input\":{\"@type\":\"PropertyValueSpecification\",\"valueRequired\":true,\"valueName\":\"search_term_string\"}}],\"inLanguage\":\"en-US\"},{\"@type\":[\"Person\",\"Organization\"],\"@id\":\"https:\\\/\\\/benz-books.com\\\/blog\\\/#\\\/schema\\\/person\\\/db2ccaf8e56aa817712f8483f7ad7f57\",\"name\":\"Bernd\",\"image\":{\"@type\":\"ImageObject\",\"inLanguage\":\"en-US\",\"@id\":\"https:\\\/\\\/benz-books.com\\\/blog\\\/wp-content\\\/uploads\\\/Mercedes-300S-Roadster-1952.jpg\",\"url\":\"https:\\\/\\\/benz-books.com\\\/blog\\\/wp-content\\\/uploads\\\/Mercedes-300S-Roadster-1952.jpg\",\"contentUrl\":\"https:\\\/\\\/benz-books.com\\\/blog\\\/wp-content\\\/uploads\\\/Mercedes-300S-Roadster-1952.jpg\",\"width\":750,\"height\":367,\"caption\":\"Bernd\"},\"logo\":{\"@id\":\"https:\\\/\\\/benz-books.com\\\/blog\\\/wp-content\\\/uploads\\\/Mercedes-300S-Roadster-1952.jpg\"},\"description\":\"Hi and thanks for visiting my blog, my name is Bernd S. Koehling. I grew up in the 1950s and 1960s in Northern Germany in a town not too far from the Dutch border. My interest in anything automotive started early on visits to the N\u00fcrburgring with my dad. I grew up with Mercedes cars in my family and an uncle of mine, who had a small collection of pre-war cars, introduced me at the end of the 1960s to vintage cars. From the mid 1970s I started collecting vintage cars himself. Naturally my first such car was a Mercedes, a rather neglected prewar 170V Cabriolet B. Later additions were from a 300d Adenauer, 200D fintail, 250SE, to a 280SE 3.5 Coupe and 350SL. Mercedes cars became a passion I have kept and further developed throughout the years. My other interest are British vintage cars, here especially Alvis and Jaguar. I had collected an Alvis TC 21\\\/100 Grey Lady Tickford DHC from 1954 and various Jaguar saloons. Among them a 420G and a more modern XJ 40 Vanden Plas. So far I have published two printed books and 20 e-books about Mercedes-Benz.\",\"sameAs\":[\"http:\\\/\\\/www.benz-books.com\"],\"url\":\"https:\\\/\\\/benz-books.com\\\/blog\\\/author\\\/bernd\\\/\"}]}<\/script>\n<!-- \/ Yoast SEO plugin. -->","yoast_head_json":{"title":"Mercedes 190SL: das Auto, das den SL-Namen rettete","description":"Der Mercedes 190SL war der kleinere Bruder eines Supersportlers. Sein Verkaufserfolg sorgte f\u00fcr die Fortsetzung des SL Programms","robots":{"index":"index","follow":"follow","max-snippet":"max-snippet:-1","max-image-preview":"max-image-preview:large","max-video-preview":"max-video-preview:-1"},"canonical":"https:\/\/benz-books.com\/blog\/2148\/mercedes-190sl\/","twitter_misc":{"Written by":"Bernd","Est. reading time":"9 minutes"},"schema":{"@context":"https:\/\/schema.org","@graph":[{"@type":"Article","@id":"https:\/\/benz-books.com\/blog\/2148\/mercedes-190sl\/#article","isPartOf":{"@id":"https:\/\/benz-books.com\/blog\/2148\/mercedes-190sl\/"},"author":{"name":"Bernd","@id":"https:\/\/benz-books.com\/blog\/#\/schema\/person\/db2ccaf8e56aa817712f8483f7ad7f57"},"headline":"Mercedes 190SL: das Auto, das den SL-Namen rettete","datePublished":"2023-12-07T09:17:00+00:00","dateModified":"2024-03-20T23:12:53+00:00","mainEntityOfPage":{"@id":"https:\/\/benz-books.com\/blog\/2148\/mercedes-190sl\/"},"wordCount":1350,"commentCount":1,"publisher":{"@id":"https:\/\/benz-books.com\/blog\/#\/schema\/person\/db2ccaf8e56aa817712f8483f7ad7f57"},"image":{"@id":"https:\/\/benz-books.com\/blog\/2148\/mercedes-190sl\/#primaryimage"},"thumbnailUrl":"https:\/\/benz-books.com\/blog\/wp-content\/uploads\/Mercedes-190SL-red.jpg","keywords":["Der Mercedes SL","Mercedes der 1950er"],"articleSection":["Mercedes SL-Class"],"inLanguage":"en-US"},{"@type":"WebPage","@id":"https:\/\/benz-books.com\/blog\/2148\/mercedes-190sl\/","url":"https:\/\/benz-books.com\/blog\/2148\/mercedes-190sl\/","name":"Mercedes 190SL: das Auto, das den SL-Namen rettete","isPartOf":{"@id":"https:\/\/benz-books.com\/blog\/#website"},"primaryImageOfPage":{"@id":"https:\/\/benz-books.com\/blog\/2148\/mercedes-190sl\/#primaryimage"},"image":{"@id":"https:\/\/benz-books.com\/blog\/2148\/mercedes-190sl\/#primaryimage"},"thumbnailUrl":"https:\/\/benz-books.com\/blog\/wp-content\/uploads\/Mercedes-190SL-red.jpg","datePublished":"2023-12-07T09:17:00+00:00","dateModified":"2024-03-20T23:12:53+00:00","description":"Der Mercedes 190SL war der kleinere Bruder eines Supersportlers. Sein Verkaufserfolg sorgte f\u00fcr die Fortsetzung des SL Programms","inLanguage":"en-US","potentialAction":[{"@type":"ReadAction","target":["https:\/\/benz-books.com\/blog\/2148\/mercedes-190sl\/"]}]},{"@type":"ImageObject","inLanguage":"en-US","@id":"https:\/\/benz-books.com\/blog\/2148\/mercedes-190sl\/#primaryimage","url":"https:\/\/benz-books.com\/blog\/wp-content\/uploads\/Mercedes-190SL-red.jpg","contentUrl":"https:\/\/benz-books.com\/blog\/wp-content\/uploads\/Mercedes-190SL-red.jpg","width":750,"height":442,"caption":"Mercedes 190SL"},{"@type":"WebSite","@id":"https:\/\/benz-books.com\/blog\/#website","url":"https:\/\/benz-books.com\/blog\/","name":"Benz-Books","description":"Stories, news and pictures of Mercedes-Benz vehicles from the 1950s to the present","publisher":{"@id":"https:\/\/benz-books.com\/blog\/#\/schema\/person\/db2ccaf8e56aa817712f8483f7ad7f57"},"potentialAction":[{"@type":"SearchAction","target":{"@type":"EntryPoint","urlTemplate":"https:\/\/benz-books.com\/blog\/?s={search_term_string}"},"query-input":{"@type":"PropertyValueSpecification","valueRequired":true,"valueName":"search_term_string"}}],"inLanguage":"en-US"},{"@type":["Person","Organization"],"@id":"https:\/\/benz-books.com\/blog\/#\/schema\/person\/db2ccaf8e56aa817712f8483f7ad7f57","name":"Bernd","image":{"@type":"ImageObject","inLanguage":"en-US","@id":"https:\/\/benz-books.com\/blog\/wp-content\/uploads\/Mercedes-300S-Roadster-1952.jpg","url":"https:\/\/benz-books.com\/blog\/wp-content\/uploads\/Mercedes-300S-Roadster-1952.jpg","contentUrl":"https:\/\/benz-books.com\/blog\/wp-content\/uploads\/Mercedes-300S-Roadster-1952.jpg","width":750,"height":367,"caption":"Bernd"},"logo":{"@id":"https:\/\/benz-books.com\/blog\/wp-content\/uploads\/Mercedes-300S-Roadster-1952.jpg"},"description":"Hi and thanks for visiting my blog, my name is Bernd S. Koehling. I grew up in the 1950s and 1960s in Northern Germany in a town not too far from the Dutch border. My interest in anything automotive started early on visits to the N\u00fcrburgring with my dad. I grew up with Mercedes cars in my family and an uncle of mine, who had a small collection of pre-war cars, introduced me at the end of the 1960s to vintage cars. From the mid 1970s I started collecting vintage cars himself. Naturally my first such car was a Mercedes, a rather neglected prewar 170V Cabriolet B. Later additions were from a 300d Adenauer, 200D fintail, 250SE, to a 280SE 3.5 Coupe and 350SL. Mercedes cars became a passion I have kept and further developed throughout the years. My other interest are British vintage cars, here especially Alvis and Jaguar. I had collected an Alvis TC 21\/100 Grey Lady Tickford DHC from 1954 and various Jaguar saloons. Among them a 420G and a more modern XJ 40 Vanden Plas. So far I have published two printed books and 20 e-books about Mercedes-Benz.","sameAs":["http:\/\/www.benz-books.com"],"url":"https:\/\/benz-books.com\/blog\/author\/bernd\/"}]}},"_links":{"self":[{"href":"https:\/\/benz-books.com\/blog\/wp-json\/wp\/v2\/posts\/2148","targetHints":{"allow":["GET"]}}],"collection":[{"href":"https:\/\/benz-books.com\/blog\/wp-json\/wp\/v2\/posts"}],"about":[{"href":"https:\/\/benz-books.com\/blog\/wp-json\/wp\/v2\/types\/post"}],"author":[{"embeddable":true,"href":"https:\/\/benz-books.com\/blog\/wp-json\/wp\/v2\/users\/1"}],"replies":[{"embeddable":true,"href":"https:\/\/benz-books.com\/blog\/wp-json\/wp\/v2\/comments?post=2148"}],"version-history":[{"count":11,"href":"https:\/\/benz-books.com\/blog\/wp-json\/wp\/v2\/posts\/2148\/revisions"}],"predecessor-version":[{"id":2879,"href":"https:\/\/benz-books.com\/blog\/wp-json\/wp\/v2\/posts\/2148\/revisions\/2879"}],"wp:featuredmedia":[{"embeddable":true,"href":"https:\/\/benz-books.com\/blog\/wp-json\/wp\/v2\/media\/2150"}],"wp:attachment":[{"href":"https:\/\/benz-books.com\/blog\/wp-json\/wp\/v2\/media?parent=2148"}],"wp:term":[{"taxonomy":"category","embeddable":true,"href":"https:\/\/benz-books.com\/blog\/wp-json\/wp\/v2\/categories?post=2148"},{"taxonomy":"post_tag","embeddable":true,"href":"https:\/\/benz-books.com\/blog\/wp-json\/wp\/v2\/tags?post=2148"}],"curies":[{"name":"wp","href":"https:\/\/api.w.org\/{rel}","templated":true}]}}